{"id":151941,"date":"2026-06-12T11:52:00","date_gmt":"2026-06-12T11:52:00","guid":{"rendered":"https:\/\/irakezen.nl\/du\/kennedy-center-heeft-een-beroep-ingesteld-om-de-naam-van-trump-te-verwijderen\/"},"modified":"2026-06-12T11:52:00","modified_gmt":"2026-06-12T11:52:00","slug":"kennedy-center-heeft-een-beroep-ingesteld-om-de-naam-van-trump-te-verwijderen","status":"publish","type":"post","link":"https:\/\/irakezen.nl\/du\/kennedy-center-heeft-een-beroep-ingesteld-om-de-naam-van-trump-te-verwijderen\/","title":{"rendered":"Kennedy Center heeft een beroep ingesteld om de naam van Trump te verwijderen"},"content":{"rendered":"<p><\/p>\n<div><img decoding=\"async\" src=\"https:\/\/static01.nyt.com\/images\/2026\/06\/11\/multimedia\/11cul-kennedy-board-mbzc\/11cul-kennedy-board-mbzc-videoSixteenByNine3000.jpg\" style=\"width: 100%\" \/><\/p>\n<div>E\u00e9n dag v\u00f3\u00f3r de deadline om de naam van de president van de gevel te halen, ging de kunstinstelling in beroep tegen de uitspraak van een federale rechter die de sluiting ervan tijdelijk verhinderde.<\/div>\n<\/div>\n","protected":false},"excerpt":{"rendered":"<p>E\u00e9n dag v\u00f3\u00f3r de deadline om de naam van de president van de gevel te halen, ging de kunstinstelling in beroep tegen de uitspraak van een federale rechter die de sluiting ervan tijdelijk verhinderde.<\/p>\n","protected":false},"author":36,"featured_media":151942,"comment_status":"closed","ping_status":"closed","sticky":false,"template":"","format":"standard","meta":{"footnotes":""},"categories":[148],"tags":[],"class_list":["post-151941","post","type-post","status-publish","format-standard","has-post-thumbnail","hentry","category-media-en-cultuur"],"_links":{"self":[{"href":"https:\/\/irakezen.nl\/du\/wp-json\/wp\/v2\/posts\/151941","targetHints":{"allow":["GET"]}}],"collection":[{"href":"https:\/\/irakezen.nl\/du\/wp-json\/wp\/v2\/posts"}],"about":[{"href":"https:\/\/irakezen.nl\/du\/wp-json\/wp\/v2\/types\/post"}],"author":[{"embeddable":true,"href":"https:\/\/irakezen.nl\/du\/wp-json\/wp\/v2\/users\/36"}],"replies":[{"embeddable":true,"href":"https:\/\/irakezen.nl\/du\/wp-json\/wp\/v2\/comments?post=151941"}],"version-history":[{"count":0,"href":"https:\/\/irakezen.nl\/du\/wp-json\/wp\/v2\/posts\/151941\/revisions"}],"wp:featuredmedia":[{"embeddable":true,"href":"https:\/\/irakezen.nl\/du\/wp-json\/wp\/v2\/media\/151942"}],"wp:attachment":[{"href":"https:\/\/irakezen.nl\/du\/wp-json\/wp\/v2\/media?parent=151941"}],"wp:term":[{"taxonomy":"category","embeddable":true,"href":"https:\/\/irakezen.nl\/du\/wp-json\/wp\/v2\/categories?post=151941"},{"taxonomy":"post_tag","embeddable":true,"href":"https:\/\/irakezen.nl\/du\/wp-json\/wp\/v2\/tags?post=151941"}],"curies":[{"name":"wp","href":"https:\/\/api.w.org\/{rel}","templated":true}]}}