{"id":152089,"date":"2026-06-13T22:58:06","date_gmt":"2026-06-13T22:58:06","guid":{"rendered":"https:\/\/irakezen.nl\/du\/orban-blijft-partijleider-fidesz-ondanks-verkiezingsnederlaag\/"},"modified":"2026-06-13T22:58:06","modified_gmt":"2026-06-13T22:58:06","slug":"orban-blijft-partijleider-fidesz-ondanks-verkiezingsnederlaag","status":"publish","type":"post","link":"https:\/\/irakezen.nl\/du\/orban-blijft-partijleider-fidesz-ondanks-verkiezingsnederlaag\/","title":{"rendered":"Orb\u00e1n blijft partijleider Fidesz ondanks verkiezingsnederlaag"},"content":{"rendered":"<p><img decoding=\"async\" src=\"https:\/\/images.pubble.cloud\/worker\/jpg\/default\/840\/804350\/9ed0159c\/content\/2026\/6\/a52ec2af-6749-4167-a80a-82529b8aaa00\" \/><\/p>\n<div id=\"articleContainer\">\n<p>Orb\u00e1ns nieuwe mandaat is beperkt tot \u00e9\u00e9n jaar. De 63-jarige oud-premier zei in een toespraak dat het tijd wordt dat een jongere generatie het roer overneemt. Ook nam hij de schuld van de verkiezingsnederlaag op zich en zei hij dat hij zijn partij wil klaarstomen voor de oppositie.<\/p>\n<p>In april won P\u00e9ter Magyar met zijn partij Tisza de verkiezingen in Hongarije, waarmee na zestien jaar een einde kwam aan Orb\u00e1ns premierschap.<\/p>\n<\/p><\/div>\n","protected":false},"excerpt":{"rendered":"<p>Orb\u00e1ns nieuwe mandaat is beperkt tot \u00e9\u00e9n jaar. De 63-jarige oud-premier zei in een toespraak dat het tijd wordt dat een jongere generatie het roer overneemt. Ook nam hij de schuld van de verkiezingsnederlaag op zich en zei hij dat hij zijn partij wil klaarstomen voor de oppositie. In april won P\u00e9ter Magyar met zijn &hellip;<\/p>\n","protected":false},"author":12,"featured_media":152090,"comment_status":"closed","ping_status":"closed","sticky":false,"template":"","format":"standard","meta":{"footnotes":""},"categories":[148],"tags":[],"class_list":["post-152089","post","type-post","status-publish","format-standard","has-post-thumbnail","hentry","category-media-en-cultuur"],"_links":{"self":[{"href":"https:\/\/irakezen.nl\/du\/wp-json\/wp\/v2\/posts\/152089","targetHints":{"allow":["GET"]}}],"collection":[{"href":"https:\/\/irakezen.nl\/du\/wp-json\/wp\/v2\/posts"}],"about":[{"href":"https:\/\/irakezen.nl\/du\/wp-json\/wp\/v2\/types\/post"}],"author":[{"embeddable":true,"href":"https:\/\/irakezen.nl\/du\/wp-json\/wp\/v2\/users\/12"}],"replies":[{"embeddable":true,"href":"https:\/\/irakezen.nl\/du\/wp-json\/wp\/v2\/comments?post=152089"}],"version-history":[{"count":0,"href":"https:\/\/irakezen.nl\/du\/wp-json\/wp\/v2\/posts\/152089\/revisions"}],"wp:featuredmedia":[{"embeddable":true,"href":"https:\/\/irakezen.nl\/du\/wp-json\/wp\/v2\/media\/152090"}],"wp:attachment":[{"href":"https:\/\/irakezen.nl\/du\/wp-json\/wp\/v2\/media?parent=152089"}],"wp:term":[{"taxonomy":"category","embeddable":true,"href":"https:\/\/irakezen.nl\/du\/wp-json\/wp\/v2\/categories?post=152089"},{"taxonomy":"post_tag","embeddable":true,"href":"https:\/\/irakezen.nl\/du\/wp-json\/wp\/v2\/tags?post=152089"}],"curies":[{"name":"wp","href":"https:\/\/api.w.org\/{rel}","templated":true}]}}