{"id":152108,"date":"2026-06-13T23:41:44","date_gmt":"2026-06-13T23:41:44","guid":{"rendered":"https:\/\/irakezen.nl\/du\/praat-nederlands-zo-hoopt-het-kabinet-dat-migrant-in-bijstand-aan-het-werk-komt\/"},"modified":"2026-06-13T23:41:44","modified_gmt":"2026-06-13T23:41:44","slug":"praat-nederlands-zo-hoopt-het-kabinet-dat-migrant-in-bijstand-aan-het-werk-komt","status":"publish","type":"post","link":"https:\/\/irakezen.nl\/du\/praat-nederlands-zo-hoopt-het-kabinet-dat-migrant-in-bijstand-aan-het-werk-komt\/","title":{"rendered":"Praat Nederlands: zo hoopt het kabinet dat migrant in bijstand aan het werk komt"},"content":{"rendered":"<p><img decoding=\"async\" src=\"https:\/\/images.ad.nl\/NGYyNzI3YTBiMjczMGI0NzMxZjgvZGlvLzI3NDY3MjMxNy9maXQtd2lkdGgvNDAw\/2026-06-05-12-40-01-den-haag-thierry-aartsen-minister-van-werk-en-participatie-na-afloop-van-de-wekelijkse-ministerraad-in-het-ministerie-van-algemene-zaken-robin-utrecht-anp-serie-afgekocht-adr-opdrachtnummer-nl20230824-0001-rotterdam-25-08-2023-portret-van-hans-van-soest-voor-zijn-column-foto-joost-hoving\" \/><br \/>De landelijke politiek wil al j\u00e1\u00e1\u00e1ren streng optreden tegen uitkeringsgerechtigden die geen Nederlands spreken. Gemeenten liggen echter dwars. En dus komt het kabinet met een list: maak de taaleis strenger \u00e9n minder streng. Politiek verslaggever Hans van Soest schrijft wekelijks over Haagse zaken die ons allemaal aangaan.<\/p>\n","protected":false},"excerpt":{"rendered":"<p>De landelijke politiek wil al j\u00e1\u00e1\u00e1ren streng optreden tegen uitkeringsgerechtigden die geen Nederlands spreken. Gemeenten liggen echter dwars. En dus komt het kabinet met een list: maak de taaleis strenger \u00e9n minder streng. Politiek verslaggever Hans van Soest schrijft wekelijks over Haagse zaken die ons allemaal aangaan.<\/p>\n","protected":false},"author":20,"featured_media":0,"comment_status":"closed","ping_status":"closed","sticky":false,"template":"","format":"standard","meta":{"footnotes":""},"categories":[147],"tags":[],"class_list":["post-152108","post","type-post","status-publish","format-standard","hentry","category-nederland"],"_links":{"self":[{"href":"https:\/\/irakezen.nl\/du\/wp-json\/wp\/v2\/posts\/152108","targetHints":{"allow":["GET"]}}],"collection":[{"href":"https:\/\/irakezen.nl\/du\/wp-json\/wp\/v2\/posts"}],"about":[{"href":"https:\/\/irakezen.nl\/du\/wp-json\/wp\/v2\/types\/post"}],"author":[{"embeddable":true,"href":"https:\/\/irakezen.nl\/du\/wp-json\/wp\/v2\/users\/20"}],"replies":[{"embeddable":true,"href":"https:\/\/irakezen.nl\/du\/wp-json\/wp\/v2\/comments?post=152108"}],"version-history":[{"count":0,"href":"https:\/\/irakezen.nl\/du\/wp-json\/wp\/v2\/posts\/152108\/revisions"}],"wp:attachment":[{"href":"https:\/\/irakezen.nl\/du\/wp-json\/wp\/v2\/media?parent=152108"}],"wp:term":[{"taxonomy":"category","embeddable":true,"href":"https:\/\/irakezen.nl\/du\/wp-json\/wp\/v2\/categories?post=152108"},{"taxonomy":"post_tag","embeddable":true,"href":"https:\/\/irakezen.nl\/du\/wp-json\/wp\/v2\/tags?post=152108"}],"curies":[{"name":"wp","href":"https:\/\/api.w.org\/{rel}","templated":true}]}}