{"id":152321,"date":"2026-06-15T23:40:26","date_gmt":"2026-06-15T23:40:26","guid":{"rendered":"https:\/\/irakezen.nl\/du\/oekraiense-vlag-gehesen-op-tweede-nederlandse-mijnenjager-bedankt\/"},"modified":"2026-06-15T23:40:26","modified_gmt":"2026-06-15T23:40:26","slug":"oekraiense-vlag-gehesen-op-tweede-nederlandse-mijnenjager-bedankt","status":"publish","type":"post","link":"https:\/\/irakezen.nl\/du\/oekraiense-vlag-gehesen-op-tweede-nederlandse-mijnenjager-bedankt\/","title":{"rendered":"Oekra\u00efense vlag gehesen op tweede Nederlandse mijnenjager: &#8216;Bedankt&#8217;"},"content":{"rendered":"<p><\/p>\n<div xmlns:default=\"http:\/\/www.w3.org\/2000\/svg\" id=\"content\">\n<div class=\"Item-style__ItemContainer-sc-d8cd7d30-1 cuZqNq\">\n<div data-tracking=\"nestType1=top\" class=\"Item-style__Top-sc-d8cd7d30-4 ZXaYN\">\n<p><span>NOS Nieuws<\/span><span class=\"MetaData-module-scss-module__AW3SQa__dot\">\u2022<\/span><time datetime=\"2026-06-15T21:20:33+0200\">gisteren, 21:20<\/time><\/p>\n<\/div>\n<\/div>\n<div class=\"Item-style__ItemContainer-sc-d8cd7d30-1 cuZqNq\">\n<p class=\"Paragraph-style__StyledParagraph-sc-440dfe4e-0 jpDokd\" id=\"412673661126981\">De Oekra\u00efense marine heeft een tweede schip van Nederlandse makelij gekregen om Russische zeemijnen mee te ruimen. Het marineschip Zr.Ms. Makkum, omgedoopt tot de Henitsjesk, is officieel overdragen aan Oekra\u00efne. Dat heeft de bevelhebber van de Oekra\u00efense marine, Oleksi Nejizjpapa, bekendgemaakt.<\/p>\n<\/div>\n<div class=\"Item-style__ItemContainer-sc-d8cd7d30-1 cuZqNq\">\n<p class=\"Paragraph-style__StyledParagraph-sc-440dfe4e-0 jpDokd\" id=\"427085110660627\">&#8220;Ik had de eer om de vlag van de Oekra\u00efense marine te hijsen op de nieuwe mijnenjager Henitsjesk in het bijzijn van de commandant van de Koninklijke Nederlandse Marine&#8221;, zegt <a href=\"https:\/\/www.facebook.com\/photo?fbid=122192155076592501&amp;set=pcb.122192155502592501\" data-tracking=\"elementType=external-link|elementId=https:\/\/www.facebook.com\/photo?fbid122192155076592501&amp;setpcb.122192155502592501|eventType=navigation|eventName=open\" target=\"_blank\" rel=\"noopener\">Nejizjpapa op sociale <span class=\"external-link-last-word\">media<\/span><span style=\"border:0;clip:rect(0 0 0 0);clip-path:inset(50%);height:1px;margin:-1px;overflow:hidden;padding:0;position:absolute;width:1px;white-space:nowrap\">(opent in nieuw venster)<\/span><\/a>. &#8220;Ik bedank de Nederlandse bemanning voor hun diensten.&#8221; <\/p>\n<\/div>\n<p><h2 class=\"Title-style__StyledTitle-sc-14b8430d-0 gNccfx\">Nederlandse bevelhebber aanwezig<\/h2>\n<\/p>\n<div class=\"Item-style__ItemContainer-sc-d8cd7d30-1 cuZqNq\">\n<p class=\"Paragraph-style__StyledParagraph-sc-440dfe4e-0 jpDokd\" id=\"321420759999066\">De Oekra\u00efense commandant vermeldt niet waar of wanneer de ceremonie was. Hij heeft foto&#8217;s van de bijeenkomst gedeeld waarop ook Harold Liebregs, de Nederlandse Commandant Zeestrijdkrachten, te zien is. Ook van Belgi\u00eb, Roemeni\u00eb, Litouwen en Letland waren de bevelhebbers van de marine aanwezig.<\/p>\n<\/div>\n<div xmlns:default=\"http:\/\/www.w3.org\/2000\/svg\" class=\"Item-style__ItemContainer-sc-d8cd7d30-1 bepZAo\">\n<figure class=\"Image-style__Figure-sc-a42ef5e4-4 kXtoDM\"><button aria-label=\"Open deze afbeelding in volledig scherm. copyright: dd\" id=\"image-143513548049475\" type=\"button\" data-tracking=\"eventName=open|eventContext=fullscreen|elementType=image|eventType=action\" class=\"Image-style__Wrapper-sc-a42ef5e4-1 ibDePJ\"><span class=\"ResponsiveImage-style__Wrapper-sc-cb15e061-0 czFNVA\"><picture><source media=\"(max-width: 37.5rem)\" sizes=\"(min-width: 786px) 786px, 100vw\" srcset=\"https:\/\/images.cdn.nos.nl\/8\/C\/n\/Q\/t\/m\/r849Jq65vFZCzRxwMkSC4uJeuEWZ3K7w8vsxGYV\/37x0x1820x1365-96x72.webp 96w, https:\/\/images.cdn.nos.nl\/8\/C\/n\/Q\/t\/m\/r849Jq65vFZCzRxwMkSC4uJeuEWZ3K7w8vsxGYV\/37x0x1820x1365-192x144.webp 192w, https:\/\/images.cdn.nos.nl\/8\/C\/n\/Q\/t\/m\/r849Jq65vFZCzRxwMkSC4uJeuEWZ3K7w8vsxGYV\/37x0x1820x1365-288x216.webp 288w, https:\/\/images.cdn.nos.nl\/8\/C\/n\/Q\/t\/m\/r849Jq65vFZCzRxwMkSC4uJeuEWZ3K7w8vsxGYV\/37x0x1820x1365-384x288.webp 384w, https:\/\/images.cdn.nos.nl\/8\/C\/n\/Q\/t\/m\/r849Jq65vFZCzRxwMkSC4uJeuEWZ3K7w8vsxGYV\/37x0x1820x1365-480x360.webp 480w, https:\/\/images.cdn.nos.nl\/8\/C\/n\/Q\/t\/m\/r849Jq65vFZCzRxwMkSC4uJeuEWZ3K7w8vsxGYV\/37x0x1820x1365-576x432.webp 576w, https:\/\/images.cdn.nos.nl\/8\/C\/n\/Q\/t\/m\/r849Jq65vFZCzRxwMkSC4uJeuEWZ3K7w8vsxGYV\/37x0x1820x1365-768x576.webp 768w, https:\/\/images.cdn.nos.nl\/8\/C\/n\/Q\/t\/m\/r849Jq65vFZCzRxwMkSC4uJeuEWZ3K7w8vsxGYV\/37x0x1820x1365-960x720.webp 960w, https:\/\/images.cdn.nos.nl\/8\/C\/n\/Q\/t\/m\/r849Jq65vFZCzRxwMkSC4uJeuEWZ3K7w8vsxGYV\/37x0x1820x1365-1152x864.webp 1152w, https:\/\/images.cdn.nos.nl\/8\/C\/n\/Q\/t\/m\/r849Jq65vFZCzRxwMkSC4uJeuEWZ3K7w8vsxGYV\/37x0x1820x1365-1440x1080.webp 1440w, https:\/\/images.cdn.nos.nl\/8\/C\/n\/Q\/t\/m\/r849Jq65vFZCzRxwMkSC4uJeuEWZ3K7w8vsxGYV\/37x0x1820x1365-1820x1365.webp 1820w\"\/><source media=\"\" sizes=\"(min-width: 786px) 786px, 100vw\" srcset=\"https:\/\/images.cdn.nos.nl\/8\/C\/n\/Q\/t\/m\/r849Jq65vFZCzRxwMkSC4uJeuEWZ3K7w8vsxGYV\/0x51x2048x1152-128x72.webp 128w, https:\/\/images.cdn.nos.nl\/8\/C\/n\/Q\/t\/m\/r849Jq65vFZCzRxwMkSC4uJeuEWZ3K7w8vsxGYV\/0x51x2048x1152-256x144.webp 256w, https:\/\/images.cdn.nos.nl\/8\/C\/n\/Q\/t\/m\/r849Jq65vFZCzRxwMkSC4uJeuEWZ3K7w8vsxGYV\/0x51x2048x1152-384x216.webp 384w, https:\/\/images.cdn.nos.nl\/8\/C\/n\/Q\/t\/m\/r849Jq65vFZCzRxwMkSC4uJeuEWZ3K7w8vsxGYV\/0x51x2048x1152-512x288.webp 512w, https:\/\/images.cdn.nos.nl\/8\/C\/n\/Q\/t\/m\/r849Jq65vFZCzRxwMkSC4uJeuEWZ3K7w8vsxGYV\/0x51x2048x1152-640x360.webp 640w, https:\/\/images.cdn.nos.nl\/8\/C\/n\/Q\/t\/m\/r849Jq65vFZCzRxwMkSC4uJeuEWZ3K7w8vsxGYV\/0x51x2048x1152-768x432.webp 768w, https:\/\/images.cdn.nos.nl\/8\/C\/n\/Q\/t\/m\/r849Jq65vFZCzRxwMkSC4uJeuEWZ3K7w8vsxGYV\/0x51x2048x1152-1024x576.webp 1024w, https:\/\/images.cdn.nos.nl\/8\/C\/n\/Q\/t\/m\/r849Jq65vFZCzRxwMkSC4uJeuEWZ3K7w8vsxGYV\/0x51x2048x1152-1280x720.webp 1280w, https:\/\/images.cdn.nos.nl\/8\/C\/n\/Q\/t\/m\/r849Jq65vFZCzRxwMkSC4uJeuEWZ3K7w8vsxGYV\/0x51x2048x1152-1536x864.webp 1536w, https:\/\/images.cdn.nos.nl\/8\/C\/n\/Q\/t\/m\/r849Jq65vFZCzRxwMkSC4uJeuEWZ3K7w8vsxGYV\/0x51x2048x1152-1920x1080.webp 1920w, https:\/\/images.cdn.nos.nl\/8\/C\/n\/Q\/t\/m\/r849Jq65vFZCzRxwMkSC4uJeuEWZ3K7w8vsxGYV\/0x51x2048x1152-2048x1152.webp 2048w\"\/><img alt=\"\" decoding=\"async\" loading=\"lazy\" src=\"https:\/\/images.cdn.nos.nl\/8\/C\/n\/Q\/t\/m\/r849Jq65vFZCzRxwMkSC4uJeuEWZ3K7w8vsxGYV\/0x51x2048x1152-768x432.webp\" class=\"ResponsiveImage-style__Image-sc-cb15e061-1 fhizPI\"\/><\/picture><\/span><span class=\"DeprecatedLabel-style__DeprecatedLabel-sc-5628af1e-0 Image-style__Copyright-sc-a42ef5e4-3 coMiqP gyegXZ\">dd<\/span><span class=\"CircleLabel-style__CircleLabel-sc-fbc6637-0 Image-style__StyledCircleLabel-sc-a42ef5e4-0 fAVfPJ bHFebx\"><default:svg xmlns=\"http:\/\/www.w3.org\/2000\/svg\" width=\"24\" height=\"24\" viewbox=\"0 0 24 24\"><default:path fill=\"#fff\" d=\"M19.018 2.25a2.73 2.73 0 0 1 2.727 2.566l.005.166V8a.75.75 0 0 1-1.493.102L20.25 8V4.982c0-.638-.485-1.162-1.106-1.225l-.126-.007H16a.75.75 0 0 1-.102-1.493L16 2.25zM8 2.25a.75.75 0 0 1 .102 1.493L8 3.75H4.982c-.638 0-1.162.485-1.226 1.106l-.006.126V8a.75.75 0 0 1-1.493.102L2.25 8V4.982a2.73 2.73 0 0 1 2.565-2.727l.167-.005zm13 13a.75.75 0 0 1 .743.648l.007.102v3.018a2.73 2.73 0 0 1-2.565 2.727l-.167.005H16a.75.75 0 0 1-.102-1.493L16 20.25h3.018c.638 0 1.163-.485 1.226-1.106l.006-.126V16a.75.75 0 0 1 .75-.75m-18 0a.75.75 0 0 1 .743.648L3.75 16v3.018c0 .638.485 1.163 1.106 1.226l.126.006H8a.75.75 0 0 1 .102 1.493L8 21.75H4.982a2.73 2.73 0 0 1-2.727-2.565l-.005-.167V16a.75.75 0 0 1 .75-.75\"\/><\/default:svg><\/span><\/button><figcaption class=\"Image-style__Caption-sc-a42ef5e4-2 dieoIO\">De Nederlandse Commandant Zeestrijdkrachten Harold Liebregs en rechts zijn Oekra\u00efense collega Oleksi Nejizjpapa<\/figcaption><\/figure>\n<\/div>\n<div class=\"Item-style__ItemContainer-sc-d8cd7d30-1 cuZqNq\">\n<p class=\"Paragraph-style__StyledParagraph-sc-440dfe4e-0 jpDokd\" id=\"264791077028883\">Tegen de NOS zegt de Koninklijke Marine desgevraagd geen uitspraken te doen &#8220;over wat er militair wordt overgedragen om te voorkomen dat iets een militair doelwit wordt&#8221;. Er wordt wel bevestigd dat Nederland vorig jaar een mijnenjager heeft overgedragen aan Oekra\u00efne. Dat was de Zr.Ms. Vlaardingen, die omgedoopt werd tot Melitopol.<\/p>\n<\/div>\n<div class=\"Item-style__ItemContainer-sc-d8cd7d30-1 cuZqNq\">\n<p class=\"Paragraph-style__StyledParagraph-sc-440dfe4e-0 jpDokd\" id=\"894617108284835\">De twee marineschepen waren <a data-tracking=\"elementType=page|elementId=https:\/\/nos.nl\/artikel\/2467442-nederland-belooft-oekraine-mijnenjagers-droneradars-en-brugslagvaartuig|eventType=navigation|eventName=open\" target=\"_self\" href=\"https:\/\/nos.nl\/artikel\/2467442-nederland-belooft-oekraine-mijnenjagers-droneradars-en-brugslagvaartuig\" rel=\"noopener\">in 2023 toegezegd<\/a> aan Kyiv door toenmalig minister van Defensie Ollongren. Beide schepen zijn ruim veertig jaar oud en werden in 2024 uit dienst genomen. Oekra\u00efense matrozen hebben in het geheim wekenlang geoefend met de besturing van de twee schepen.<\/p>\n<\/div>\n<p><h2 class=\"Title-style__StyledTitle-sc-14b8430d-0 gNccfx\">Namen van bezette steden<\/h2>\n<\/p>\n<div class=\"Item-style__ItemContainer-sc-d8cd7d30-1 cuZqNq\">\n<p class=\"Paragraph-style__StyledParagraph-sc-440dfe4e-0 jpDokd\" id=\"332502571158215\">Bevelhebber Nejizjpapa zegt dat Oekra\u00efne nu vijf mijnenjagers heeft. Naast Nederland hebben ook het Verenigd Koninkrijk en Belgi\u00eb deze schepen geleverd. De namen Henitsjesk en Melitopol verwijzen naar Oekra\u00efense steden die Rusland bezet houdt.<\/p>\n<\/div>\n<div class=\"Item-style__ItemContainer-sc-d8cd7d30-1 cuZqNq\">\n<p class=\"Paragraph-style__StyledParagraph-sc-440dfe4e-0 jpDokd\" id=\"24791043789514\">In een groot deel van de Oekra\u00efense wateren liggen mijnen en niet ontplofte bommen. De VN schat dat het in totaal gaat om een gebied van zo&#8217;n 13.500 vierkante kilometer in de Zwarte Zee, rivieren en meren.<\/p>\n<\/div>\n<\/div>\n","protected":false},"excerpt":{"rendered":"<p>NOS Nieuws\u2022gisteren, 21:20 De Oekra\u00efense marine heeft een tweede schip van Nederlandse makelij gekregen om Russische zeemijnen mee te ruimen. Het marineschip Zr.Ms. Makkum, omgedoopt tot de Henitsjesk, is officieel overdragen aan Oekra\u00efne. Dat heeft de bevelhebber van de Oekra\u00efense marine, Oleksi Nejizjpapa, bekendgemaakt. &#8220;Ik had de eer om de vlag van de Oekra\u00efense marine &hellip;<\/p>\n","protected":false},"author":17,"featured_media":152322,"comment_status":"closed","ping_status":"closed","sticky":false,"template":"","format":"standard","meta":{"footnotes":""},"categories":[147],"tags":[],"class_list":["post-152321","post","type-post","status-publish","format-standard","has-post-thumbnail","hentry","category-nederland"],"_links":{"self":[{"href":"https:\/\/irakezen.nl\/du\/wp-json\/wp\/v2\/posts\/152321","targetHints":{"allow":["GET"]}}],"collection":[{"href":"https:\/\/irakezen.nl\/du\/wp-json\/wp\/v2\/posts"}],"about":[{"href":"https:\/\/irakezen.nl\/du\/wp-json\/wp\/v2\/types\/post"}],"author":[{"embeddable":true,"href":"https:\/\/irakezen.nl\/du\/wp-json\/wp\/v2\/users\/17"}],"replies":[{"embeddable":true,"href":"https:\/\/irakezen.nl\/du\/wp-json\/wp\/v2\/comments?post=152321"}],"version-history":[{"count":0,"href":"https:\/\/irakezen.nl\/du\/wp-json\/wp\/v2\/posts\/152321\/revisions"}],"wp:featuredmedia":[{"embeddable":true,"href":"https:\/\/irakezen.nl\/du\/wp-json\/wp\/v2\/media\/152322"}],"wp:attachment":[{"href":"https:\/\/irakezen.nl\/du\/wp-json\/wp\/v2\/media?parent=152321"}],"wp:term":[{"taxonomy":"category","embeddable":true,"href":"https:\/\/irakezen.nl\/du\/wp-json\/wp\/v2\/categories?post=152321"},{"taxonomy":"post_tag","embeddable":true,"href":"https:\/\/irakezen.nl\/du\/wp-json\/wp\/v2\/tags?post=152321"}],"curies":[{"name":"wp","href":"https:\/\/api.w.org\/{rel}","templated":true}]}}