{"id":152604,"date":"2026-06-20T12:43:12","date_gmt":"2026-06-20T12:43:12","guid":{"rendered":"https:\/\/irakezen.nl\/du\/wie-zijn-de-klanten-van-modehuis-natan\/"},"modified":"2026-06-20T12:43:12","modified_gmt":"2026-06-20T12:43:12","slug":"wie-zijn-de-klanten-van-modehuis-natan","status":"publish","type":"post","link":"https:\/\/irakezen.nl\/du\/wie-zijn-de-klanten-van-modehuis-natan\/","title":{"rendered":"Wie zijn de klanten van modehuis Natan?"},"content":{"rendered":"<p><\/p>\n<div>\n<p>Brussel &#8211; Woensdagavond, in de daktuin op de negenentwintigste verdieping van hotel The Standard in Brussel, besprak een chique menigte de show die ze zojuist hadden bijgewoond. Ruim een maand voor de presentatie aan internationale bezoekers tijdens de Haute Couture Week in Parijs, kreeg het Belgische en Nederlandse publiek de (gebruikelijke) eer om de couturecollectie herfst-winter 2026 van het onafhankelijke modehuis Natan te ontdekken.<\/p>\n<p>Het tafereel speelde zich af in \u2018The Greenhouse\u2019, een ruime, groene ruimte op de begane grond van het hotel, waar verschillende belangrijke gasten verbleven op warme uitnodiging van het Brusselse huis. Het merk, sinds de jaren tachtig geleid door \u00c9douard Vermeulen, trekt dan ook een uitzonderlijke klantenkring aan. Van koningin Mathilde tot tal van politica&#8217;s, zij omarmen allemaal deze garderobe die een vleugje beheerste fantasie toevoegt aan de meest conventionele outfits.<\/p>\n<p>In het groene decor kreeg het publiek dus de primeur van de stralende kleuren van het huis voor het nieuwe seizoen. \u00c9douard Vermeulen, bekend om zijn uitgebalanceerde kleurenpalet, benadrukte zijn tinten op monochrome outfits. Backstage vertrouwde hij toe dat hij het minimalisme iets verder had doorgevoerd dan gebruikelijk.<\/p>\n<p>Aan deze grafische eenvoud van de lijn voegt \u2018Monsieur\u2019, zoals zijn medewerkers hem noemen, een lichtheid toe die hij noodzakelijk acht: \u201cEen wintercollectie is heel anders, omdat we ons realiseren \u2013 misschien door de opwarming van de aarde \u2013 dat we het zomerseizoen acht tot negen maanden per jaar verkopen. Daarom moet onze winter ook een zekere lichtheid hebben.\u201d<\/p>\n<p>Uit deze noodzaak ontstaan gecoate kant, zijden taft met een luchtig volume en een zeer actuele soepelheid in het silhouet. Want het idee, zo herinnert de artistiek directeur ons, is ook \u201com de couture-geest een heel eenvoudig karakter te geven\u201d. Een benadering die vergelijkbaar is met die van andere Parijse couturehuizen, zoals Mathieu Blazy bij Chanel voorstelt.<\/p>\n<p>Op vragen over de cijfers claimt het huis een groeipercentage van 28 procent over de afgelopen drie jaar. CEO Gloria Barudy Vasquez geeft toe dat ze bepaalde multibrand-retailers in Belgi\u00eb moet weigeren om een beperkte distributie te behouden (120 wholesale-verkooppunten en acht eigen winkels).<\/p>\n<p>Hoewel het merk van plan is uit te breiden naar Spanje en Zwitserland met toekomstige openingen, blijft de Benelux de historische kernmarkt. Deze koopsters van het eerste uur zorgen voor het grootste deel van de inkomsten, wat dit model gebaseerd op selectiviteit rechtvaardigt. Een unieke aanpak die doorloopt in de klantrelatie: het is niet ongebruikelijk om \u00c9douard Vermeulen zelf in de boetiek tegen te komen, waar hij zijn klanten adviseert.<\/p>\n<h2>Van politica tot nieuwe ingewijde: een portret van trouwe koopsters<\/h2>\n<p>Het is dit luisterend oor en de positionering van \u2018toegankelijke couture\u2019 die het huis in staat stelt een prestigieuze klantenkring aan zich te binden, die geleidelijk aan diverser zou kunnen worden. Maar wie zijn nu echt de vrouwen die vandaag de dag het Natan-universum vormen? Een denkbeeldig portret in vier delen van deze veelzijdige client\u00e8le.<\/p>\n<h3>De politica<\/h3>\n<p>Of het nu koningin Mathilde van Belgi\u00eb is of een parlementslid in het Europees Parlement, deze machtige vrouwen hebben bij Natan het perfecte pantser gevonden voor hun offici\u00eble functies.<\/p>\n<figure>\n<div class=\"image-container\"><light-box><progressive-img placeholder=\"https:\/\/r.fashionunited.com\/hehspGQHcR33_n1s7Rh0PnaihS4vrR_1arnconlvkkI\/resize:fill:42:0:0\/gravity:ce\/quality:10\/aHR0cHM6Ly9mYXNoaW9udW5pdGVkLmNvbS9pbWcvdXBsb2FkLzIwMjYvMDYvMTkvbmF0YW4tY291dHVyZWZ3MjYtMS0zOTdrMm5uNC0yMDI2LTA2LTE5LmpwZWc\" src=\"https:\/\/r.fashionunited.com\/8WTVh_pGVaDIKfnT9k-ZbFJAjr3sIN-k-2dKeyc1390\/resize:fill:1164:0:0\/gravity:ce\/quality:70\/aHR0cHM6Ly9mYXNoaW9udW5pdGVkLmNvbS9pbWcvdXBsb2FkLzIwMjYvMDYvMTkvbmF0YW4tY291dHVyZWZ3MjYtMS0zOTdrMm5uNC0yMDI2LTA2LTE5LmpwZWc\" srcset=\"https:\/\/r.fashionunited.com\/n8Y3eOVgh8VKdgwDSx97ElrhP_DWVpX3NjR5x9JyjuI\/resize:fill:582:0:0\/gravity:ce\/quality:70\/aHR0cHM6Ly9mYXNoaW9udW5pdGVkLmNvbS9pbWcvdXBsb2FkLzIwMjYvMDYvMTkvbmF0YW4tY291dHVyZWZ3MjYtMS0zOTdrMm5uNC0yMDI2LTA2LTE5LmpwZWc 582w, https:\/\/r.fashionunited.com\/8WTVh_pGVaDIKfnT9k-ZbFJAjr3sIN-k-2dKeyc1390\/resize:fill:1164:0:0\/gravity:ce\/quality:70\/aHR0cHM6Ly9mYXNoaW9udW5pdGVkLmNvbS9pbWcvdXBsb2FkLzIwMjYvMDYvMTkvbmF0YW4tY291dHVyZWZ3MjYtMS0zOTdrMm5uNC0yMDI2LTA2LTE5LmpwZWc 1164w\" sizes=\"(min-width: 840px) 550px, (min-width: 582px) 582px, 100vw\" alt=\"Le salon couture situ\u00e9 avenue Louise, \u00e0 Bruxelles, o\u00f9 sont accueillies les t\u00eates couronn\u00e9es habill\u00e9es par Natan. D\u00e9fil\u00e9 Natan couture AH26-27.\" title=\"Le salon couture situ\u00e9 avenue Louise, \u00e0 Bruxelles, o\u00f9 sont accueillies les t\u00eates couronn\u00e9es habill\u00e9es par Natan. D\u00e9fil\u00e9 Natan couture AH26-27.\" load-strategy=\"on-visible\" slot=\"anchor\"\/><progressive-img placeholder=\"https:\/\/r.fashionunited.com\/hehspGQHcR33_n1s7Rh0PnaihS4vrR_1arnconlvkkI\/resize:fill:42:0:0\/gravity:ce\/quality:10\/aHR0cHM6Ly9mYXNoaW9udW5pdGVkLmNvbS9pbWcvdXBsb2FkLzIwMjYvMDYvMTkvbmF0YW4tY291dHVyZWZ3MjYtMS0zOTdrMm5uNC0yMDI2LTA2LTE5LmpwZWc\" src=\"https:\/\/r.fashionunited.com\/Bh9bfk3GsC62DjA3epmvyDh1zcDf0ZBglj7osSWx1MM\/resize:fill:3840:0:0\/gravity:ce\/quality:70\/aHR0cHM6Ly9mYXNoaW9udW5pdGVkLmNvbS9pbWcvdXBsb2FkLzIwMjYvMDYvMTkvbmF0YW4tY291dHVyZWZ3MjYtMS0zOTdrMm5uNC0yMDI2LTA2LTE5LmpwZWc\" srcset=\"https:\/\/r.fashionunited.com\/LPAIIcKKPjwDwGyV-R0Rl9Zh3jvvdQvirwX_LxZbxwU\/resize:fill:768:0:0\/gravity:ce\/quality:70\/aHR0cHM6Ly9mYXNoaW9udW5pdGVkLmNvbS9pbWcvdXBsb2FkLzIwMjYvMDYvMTkvbmF0YW4tY291dHVyZWZ3MjYtMS0zOTdrMm5uNC0yMDI2LTA2LTE5LmpwZWc 768w, https:\/\/r.fashionunited.com\/Bh9bfk3GsC62DjA3epmvyDh1zcDf0ZBglj7osSWx1MM\/resize:fill:3840:0:0\/gravity:ce\/quality:70\/aHR0cHM6Ly9mYXNoaW9udW5pdGVkLmNvbS9pbWcvdXBsb2FkLzIwMjYvMDYvMTkvbmF0YW4tY291dHVyZWZ3MjYtMS0zOTdrMm5uNC0yMDI2LTA2LTE5LmpwZWc 3840w\" sizes=\"100vw\" alt=\"Le salon couture situ\u00e9 avenue Louise, \u00e0 Bruxelles, o\u00f9 sont accueillies les t\u00eates couronn\u00e9es habill\u00e9es par Natan. D\u00e9fil\u00e9 Natan couture AH26-27.\" title=\"Le salon couture situ\u00e9 avenue Louise, \u00e0 Bruxelles, o\u00f9 sont accueillies les t\u00eates couronn\u00e9es habill\u00e9es par Natan. D\u00e9fil\u00e9 Natan couture AH26-27.\" load-strategy=\"on-visible\" slot=\"content\"\/><\/light-box><noscript><img decoding=\"async\" src=\"https:\/\/r.fashionunited.com\/8WTVh_pGVaDIKfnT9k-ZbFJAjr3sIN-k-2dKeyc1390\/resize:fill:1164:0:0\/gravity:ce\/quality:70\/aHR0cHM6Ly9mYXNoaW9udW5pdGVkLmNvbS9pbWcvdXBsb2FkLzIwMjYvMDYvMTkvbmF0YW4tY291dHVyZWZ3MjYtMS0zOTdrMm5uNC0yMDI2LTA2LTE5LmpwZWc\" sizes=\"(min-width: 840px) 550px, (min-width: 582px) 582px, 100vw\" alt=\"Le salon couture situ\u00e9 avenue Louise, \u00e0 Bruxelles, o\u00f9 sont accueillies les t\u00eates couronn\u00e9es habill\u00e9es par Natan. D\u00e9fil\u00e9 Natan couture AH26-27.\" title=\"Le salon couture situ\u00e9 avenue Louise, \u00e0 Bruxelles, o\u00f9 sont accueillies les t\u00eates couronn\u00e9es habill\u00e9es par Natan. D\u00e9fil\u00e9 Natan couture AH26-27.\"\/><\/noscript><\/div><figcaption>De couturesalon aan de Louizalaan in Brussel, waar de gekroonde hoofden die door Natan worden gekleed, worden ontvangen. Natan coutureshow FW26-27. <em>Credits: Julia Garel \/ Natan.<\/em><\/figcaption><\/figure>\n<p><strong>De ontdekking van het merk<\/strong>: De kennismaking vindt vaak plaats in de besloten kringen van paleizen en diplomatieke machtscentra. Hoewel de uitstraling van koningin M\u00e1xima der Nederlanden fungeert als een etalage voor het vakmanschap van Natan, zoekt deze klant geen koninklijke nabootsing. Ze vindt er eerder de zekerheid van een statig silhouet van een Belgische naam, met een meer \u2018creatieve\u2019 uitstraling dan die van de zwaargewichten in de luxe-industrie.<\/p>\n<p><strong>De stukken die ze koopt<\/strong>: De bestsellers van het huis. Ze geeft de voorkeur aan de onberispelijke pasvorm van uitlopende jurken in katoenen canvas of mantelpakjes ge\u00efnspireerd op Dior voor staatsbezoeken. Haar garderobe omvat ook donkere jurken, die doen denken aan de tijdloze elegantie van Jackie Kennedy Onassis, waarvan de soberheid bewust wordt versterkt met felgekleurde handschoenen.<\/p>\n<p><strong>Wat haar trouw maakte<\/strong>: De absolute scherpte van de snit, die geen enkele plooi verdraagt onder het oog van de fotografen. Ze waardeert ook de unieke balans van het merk, dat het institutionele classicisme doorbreekt met vrolijke accenten. Het is echter vooral de bijna vertrouwelijke band met \u00c9douard Vermeulen die haar gehechtheid aan het merk definitief verankert.<\/p>\n<h3>De moeder van de bruid (en haar naaste kring)<\/h3>\n<p>Dit is een ceremoni\u00eble klant, op zoek naar een statige, formele uitstraling voor een belangrijk priv\u00e9-evenement.<\/p>\n<figure>\n<div class=\"image-container\"><light-box><progressive-img placeholder=\"https:\/\/r.fashionunited.com\/-uTgCUxToIS1RIf8MCeoFXjOgxxRq73BnmVwWznoMMM\/resize:fill:42:0:0\/gravity:ce\/quality:10\/aHR0cHM6Ly9mYXNoaW9udW5pdGVkLmNvbS9pbWcvdXBsb2FkLzIwMjYvMDYvMTkvbmF0YW4tMWdmd2Jlc3UtMjAyNi0wNi0xOS5qcGVn\" src=\"https:\/\/r.fashionunited.com\/bhfb88zxsTF78w7wG2GZ69rCrWO3bRXo_anQ9e9JezU\/resize:fill:1164:0:0\/gravity:ce\/quality:70\/aHR0cHM6Ly9mYXNoaW9udW5pdGVkLmNvbS9pbWcvdXBsb2FkLzIwMjYvMDYvMTkvbmF0YW4tMWdmd2Jlc3UtMjAyNi0wNi0xOS5qcGVn\" srcset=\"https:\/\/r.fashionunited.com\/BXsCDas0FxondSmCRftBExkSRSP3NbCbFkH7pEiJIUg\/resize:fill:582:0:0\/gravity:ce\/quality:70\/aHR0cHM6Ly9mYXNoaW9udW5pdGVkLmNvbS9pbWcvdXBsb2FkLzIwMjYvMDYvMTkvbmF0YW4tMWdmd2Jlc3UtMjAyNi0wNi0xOS5qcGVn 582w, https:\/\/r.fashionunited.com\/bhfb88zxsTF78w7wG2GZ69rCrWO3bRXo_anQ9e9JezU\/resize:fill:1164:0:0\/gravity:ce\/quality:70\/aHR0cHM6Ly9mYXNoaW9udW5pdGVkLmNvbS9pbWcvdXBsb2FkLzIwMjYvMDYvMTkvbmF0YW4tMWdmd2Jlc3UtMjAyNi0wNi0xOS5qcGVn 1164w\" sizes=\"(min-width: 840px) 550px, (min-width: 582px) 582px, 100vw\" alt=\"Espace de la boutique historique Natan, avenue Louise. Ballerines de la collection actuelle.\" title=\"Espace de la boutique historique Natan, avenue Louise. Ballerines de la collection actuelle.\" load-strategy=\"on-visible\" slot=\"anchor\"\/><progressive-img placeholder=\"https:\/\/r.fashionunited.com\/-uTgCUxToIS1RIf8MCeoFXjOgxxRq73BnmVwWznoMMM\/resize:fill:42:0:0\/gravity:ce\/quality:10\/aHR0cHM6Ly9mYXNoaW9udW5pdGVkLmNvbS9pbWcvdXBsb2FkLzIwMjYvMDYvMTkvbmF0YW4tMWdmd2Jlc3UtMjAyNi0wNi0xOS5qcGVn\" src=\"https:\/\/r.fashionunited.com\/aRXFmLqWU1oDXCe0P83L0_xl8qn-n7oxWetl5Crneuo\/resize:fill:3840:0:0\/gravity:ce\/quality:70\/aHR0cHM6Ly9mYXNoaW9udW5pdGVkLmNvbS9pbWcvdXBsb2FkLzIwMjYvMDYvMTkvbmF0YW4tMWdmd2Jlc3UtMjAyNi0wNi0xOS5qcGVn\" srcset=\"https:\/\/r.fashionunited.com\/WcLHnUm61QCT4iObxxw723wRlLeQLzjZYJ4FEtm6lHI\/resize:fill:768:0:0\/gravity:ce\/quality:70\/aHR0cHM6Ly9mYXNoaW9udW5pdGVkLmNvbS9pbWcvdXBsb2FkLzIwMjYvMDYvMTkvbmF0YW4tMWdmd2Jlc3UtMjAyNi0wNi0xOS5qcGVn 768w, https:\/\/r.fashionunited.com\/aRXFmLqWU1oDXCe0P83L0_xl8qn-n7oxWetl5Crneuo\/resize:fill:3840:0:0\/gravity:ce\/quality:70\/aHR0cHM6Ly9mYXNoaW9udW5pdGVkLmNvbS9pbWcvdXBsb2FkLzIwMjYvMDYvMTkvbmF0YW4tMWdmd2Jlc3UtMjAyNi0wNi0xOS5qcGVn 3840w\" sizes=\"100vw\" alt=\"Espace de la boutique historique Natan, avenue Louise. Ballerines de la collection actuelle.\" title=\"Espace de la boutique historique Natan, avenue Louise. Ballerines de la collection actuelle.\" load-strategy=\"on-visible\" slot=\"content\"\/><\/light-box><noscript><img decoding=\"async\" src=\"https:\/\/r.fashionunited.com\/bhfb88zxsTF78w7wG2GZ69rCrWO3bRXo_anQ9e9JezU\/resize:fill:1164:0:0\/gravity:ce\/quality:70\/aHR0cHM6Ly9mYXNoaW9udW5pdGVkLmNvbS9pbWcvdXBsb2FkLzIwMjYvMDYvMTkvbmF0YW4tMWdmd2Jlc3UtMjAyNi0wNi0xOS5qcGVn\" sizes=\"(min-width: 840px) 550px, (min-width: 582px) 582px, 100vw\" alt=\"Espace de la boutique historique Natan, avenue Louise. Ballerines de la collection actuelle.\" title=\"Espace de la boutique historique Natan, avenue Louise. Ballerines de la collection actuelle.\"\/><\/noscript><\/div><figcaption>Ruimte in de historische Natan-boetiek aan de Louizalaan. Ballerina&#8217;s uit de huidige collectie, tentoongesteld in de boetiek \u2018Edouard by Natan\u2019 in Knokke. <em>Credits: Julia Garel<\/em><\/figcaption><\/figure>\n<p><strong>De ontdekking van het merk<\/strong>: Een klokrok van Natan, gezien bij een nicht op een bruiloft vorige zomer, is haar bijgebleven. Dit maakte het merk een vanzelfsprekende keuze voor de bruiloft van haar dochter.<\/p>\n<p><strong>De stukken die ze koopt<\/strong>: Ze is vaker ge\u00efnteresseerd in de couturelijnen dan in de pr\u00eat-\u00e0-porter. Ze houdt van lange, mouwloze jurken in zijden taft, tops geborduurd met satijnen parels en bijpassende ballerina&#8217;s.<\/p>\n<p><strong>Wat haar trouw maakte<\/strong>: De herinnering. Het kledingstuk overstijgt zijn functie en wordt een aandenken aan een feest. De couture-uitstraling van het huis en de emotionele dimensie van de voorbereidingen bestendigen hier de band met het merk.<\/p>\n<h3>De esthetische verzamelaarster<\/h3>\n<p>Dit profiel benadert kleding vanuit het perspectief van hedendaagse kunst en design. Ze ziet mode als een terrein voor plastische expressie.<\/p>\n<figure>\n<div class=\"image-container\"><light-box><progressive-img placeholder=\"https:\/\/r.fashionunited.com\/vqhrogdF4XOmf6D28NWbucz_qnqOEwF2aP6MjcKO36Q\/resize:fill:42:0:0\/gravity:ce\/quality:10\/aHR0cHM6Ly9mYXNoaW9udW5pdGVkLmNvbS9pbWcvdXBsb2FkLzIwMjYvMDYvMTkvbmF0YW4tMy1pODN2aWt0Ny0yMDI2LTA2LTE5LmpwZWc\" src=\"https:\/\/r.fashionunited.com\/z9S3NKNjY-tsySV6gHNSkvJvAVyl5EUIv3WapVlcNQU\/resize:fill:1164:0:0\/gravity:ce\/quality:70\/aHR0cHM6Ly9mYXNoaW9udW5pdGVkLmNvbS9pbWcvdXBsb2FkLzIwMjYvMDYvMTkvbmF0YW4tMy1pODN2aWt0Ny0yMDI2LTA2LTE5LmpwZWc\" srcset=\"https:\/\/r.fashionunited.com\/plsJLTMRjE3tkKeX90s6V63vpI47YRfVIucNyM24w9U\/resize:fill:582:0:0\/gravity:ce\/quality:70\/aHR0cHM6Ly9mYXNoaW9udW5pdGVkLmNvbS9pbWcvdXBsb2FkLzIwMjYvMDYvMTkvbmF0YW4tMy1pODN2aWt0Ny0yMDI2LTA2LTE5LmpwZWc 582w, https:\/\/r.fashionunited.com\/z9S3NKNjY-tsySV6gHNSkvJvAVyl5EUIv3WapVlcNQU\/resize:fill:1164:0:0\/gravity:ce\/quality:70\/aHR0cHM6Ly9mYXNoaW9udW5pdGVkLmNvbS9pbWcvdXBsb2FkLzIwMjYvMDYvMTkvbmF0YW4tMy1pODN2aWt0Ny0yMDI2LTA2LTE5LmpwZWc 1164w\" sizes=\"(min-width: 840px) 550px, (min-width: 582px) 582px, 100vw\" alt=\"Boutique Natan \u00e0 Bruxelles. Silhouette du d\u00e9fil\u00e9 couture AH26-27\" title=\"Boutique Natan \u00e0 Bruxelles. Silhouette du d\u00e9fil\u00e9 couture AH26-27\" load-strategy=\"on-visible\" slot=\"anchor\"\/><progressive-img placeholder=\"https:\/\/r.fashionunited.com\/vqhrogdF4XOmf6D28NWbucz_qnqOEwF2aP6MjcKO36Q\/resize:fill:42:0:0\/gravity:ce\/quality:10\/aHR0cHM6Ly9mYXNoaW9udW5pdGVkLmNvbS9pbWcvdXBsb2FkLzIwMjYvMDYvMTkvbmF0YW4tMy1pODN2aWt0Ny0yMDI2LTA2LTE5LmpwZWc\" src=\"https:\/\/r.fashionunited.com\/szXWz6njpyODHT2Kgctamk-wwWqqXzRCAyBSuSurPN4\/resize:fill:3840:0:0\/gravity:ce\/quality:70\/aHR0cHM6Ly9mYXNoaW9udW5pdGVkLmNvbS9pbWcvdXBsb2FkLzIwMjYvMDYvMTkvbmF0YW4tMy1pODN2aWt0Ny0yMDI2LTA2LTE5LmpwZWc\" srcset=\"https:\/\/r.fashionunited.com\/8LdM4xoJIyTbdeURIR_mD6EZMcURgZqTB78rCYoC8t4\/resize:fill:768:0:0\/gravity:ce\/quality:70\/aHR0cHM6Ly9mYXNoaW9udW5pdGVkLmNvbS9pbWcvdXBsb2FkLzIwMjYvMDYvMTkvbmF0YW4tMy1pODN2aWt0Ny0yMDI2LTA2LTE5LmpwZWc 768w, https:\/\/r.fashionunited.com\/szXWz6njpyODHT2Kgctamk-wwWqqXzRCAyBSuSurPN4\/resize:fill:3840:0:0\/gravity:ce\/quality:70\/aHR0cHM6Ly9mYXNoaW9udW5pdGVkLmNvbS9pbWcvdXBsb2FkLzIwMjYvMDYvMTkvbmF0YW4tMy1pODN2aWt0Ny0yMDI2LTA2LTE5LmpwZWc 3840w\" sizes=\"100vw\" alt=\"Boutique Natan \u00e0 Bruxelles. Silhouette du d\u00e9fil\u00e9 couture AH26-27\" title=\"Boutique Natan \u00e0 Bruxelles. Silhouette du d\u00e9fil\u00e9 couture AH26-27\" load-strategy=\"on-visible\" slot=\"content\"\/><\/light-box><noscript><img decoding=\"async\" src=\"https:\/\/r.fashionunited.com\/z9S3NKNjY-tsySV6gHNSkvJvAVyl5EUIv3WapVlcNQU\/resize:fill:1164:0:0\/gravity:ce\/quality:70\/aHR0cHM6Ly9mYXNoaW9udW5pdGVkLmNvbS9pbWcvdXBsb2FkLzIwMjYvMDYvMTkvbmF0YW4tMy1pODN2aWt0Ny0yMDI2LTA2LTE5LmpwZWc\" sizes=\"(min-width: 840px) 550px, (min-width: 582px) 582px, 100vw\" alt=\"Boutique Natan \u00e0 Bruxelles. Silhouette du d\u00e9fil\u00e9 couture AH26-27\" title=\"Boutique Natan \u00e0 Bruxelles. Silhouette du d\u00e9fil\u00e9 couture AH26-27\"\/><\/noscript><\/div><figcaption>Natan-boetiek in Brussel. Silhouet van de coutureshow FW26-27 <em>Credits: Julia Garel \/ Natan.<\/em><\/figcaption><\/figure>\n<p><strong>De ontdekking van het merk<\/strong>: Ze hoorde van Natan tijdens een van de vele artistieke activaties van het merk. Bijvoorbeeld de deelname aan Art Brussels 2026, waar Natan kunstenaar Mattias De Leeuw uitnodigde om de coulissen, volumes en ambachtslieden te schilderen. Een initiatief dat de aandacht trok van deze client\u00e8le uit de kunstwereld.<\/p>\n<p><strong>De stukken die ze koopt<\/strong>: Ze richt zich op pr\u00eat-\u00e0-porter stukken met de grootste textiele of chromatische radicaliteit. Ze kan ook verleid worden door een boterbloemgele couturebroek met ballonvolume, tentoongesteld in een van de Natan-boetieks. Haar keuzes vallen op mouwloze tops met een \u2018bol\u2019-volume, ensembles met franjes van getint plexiglas of jurken met hanenveren die haar tred een kinetische dimensie geven.<\/p>\n<p><strong>Wat haar trouw maakte<\/strong>: De boetieks. Want daar komt de door het merk onderhouden wisselwerking tussen mode en kunst tot uiting. Ze gaat er regelmatig heen om \u2018gewoon te kijken\u2019, verleid door de vernieuwde artistieke en warme scenografie van de verkooppunten. En ze hoopt stiekem dat het merk ooit besluit een meubellijn te ontwikkelen.<\/p>\n<h3>De nieuwe ingewijde<\/h3>\n<p>Dit laatste profiel illustreert de nieuwe generatie Natan-klanten, aangetrokken door recente boetieks en een gemoderniseerde garderobe.<\/p>\n<figure>\n<div class=\"image-container\"><light-box><progressive-img placeholder=\"https:\/\/r.fashionunited.com\/37wUke_ihxCKn8i1sg6PCOSyTs4mEwZMDNWDyJs38Hs\/resize:fill:42:0:0\/gravity:ce\/quality:10\/aHR0cHM6Ly9mYXNoaW9udW5pdGVkLmNvbS9pbWcvdXBsb2FkLzIwMjYvMDYvMTkvbmF0YW4tNC05NjA2Y24xbi0yMDI2LTA2LTE5LmpwZWc\" src=\"https:\/\/r.fashionunited.com\/RIwv453uerV5DjxatiKkvpXSzQtnvCIsgtjOara77iU\/resize:fill:1164:0:0\/gravity:ce\/quality:70\/aHR0cHM6Ly9mYXNoaW9udW5pdGVkLmNvbS9pbWcvdXBsb2FkLzIwMjYvMDYvMTkvbmF0YW4tNC05NjA2Y24xbi0yMDI2LTA2LTE5LmpwZWc\" srcset=\"https:\/\/r.fashionunited.com\/uC5XerUPY4_0OhrH4eGRHW4QoLLpokAAQ9okJDO1ylc\/resize:fill:582:0:0\/gravity:ce\/quality:70\/aHR0cHM6Ly9mYXNoaW9udW5pdGVkLmNvbS9pbWcvdXBsb2FkLzIwMjYvMDYvMTkvbmF0YW4tNC05NjA2Y24xbi0yMDI2LTA2LTE5LmpwZWc 582w, https:\/\/r.fashionunited.com\/RIwv453uerV5DjxatiKkvpXSzQtnvCIsgtjOara77iU\/resize:fill:1164:0:0\/gravity:ce\/quality:70\/aHR0cHM6Ly9mYXNoaW9udW5pdGVkLmNvbS9pbWcvdXBsb2FkLzIwMjYvMDYvMTkvbmF0YW4tNC05NjA2Y24xbi0yMDI2LTA2LTE5LmpwZWc 1164w\" sizes=\"(min-width: 840px) 550px, (min-width: 582px) 582px, 100vw\" alt=\"Boutique Natan \u00e0 Knokke. Silhouette du d\u00e9fil\u00e9 couture AH26-27\" title=\"Boutique Natan \u00e0 Knokke. Silhouette du d\u00e9fil\u00e9 couture AH26-27\" load-strategy=\"on-visible\" slot=\"anchor\"\/><progressive-img placeholder=\"https:\/\/r.fashionunited.com\/37wUke_ihxCKn8i1sg6PCOSyTs4mEwZMDNWDyJs38Hs\/resize:fill:42:0:0\/gravity:ce\/quality:10\/aHR0cHM6Ly9mYXNoaW9udW5pdGVkLmNvbS9pbWcvdXBsb2FkLzIwMjYvMDYvMTkvbmF0YW4tNC05NjA2Y24xbi0yMDI2LTA2LTE5LmpwZWc\" src=\"https:\/\/r.fashionunited.com\/uLiq2s3oka77Rk9qSNLIg4TgtTL7dYHgqe4R_YnfAkc\/resize:fill:3840:0:0\/gravity:ce\/quality:70\/aHR0cHM6Ly9mYXNoaW9udW5pdGVkLmNvbS9pbWcvdXBsb2FkLzIwMjYvMDYvMTkvbmF0YW4tNC05NjA2Y24xbi0yMDI2LTA2LTE5LmpwZWc\" srcset=\"https:\/\/r.fashionunited.com\/ftYBvP_A3RwPBmLUX6yh7Q7S0C0uQBAvgU7_hPBBrrg\/resize:fill:768:0:0\/gravity:ce\/quality:70\/aHR0cHM6Ly9mYXNoaW9udW5pdGVkLmNvbS9pbWcvdXBsb2FkLzIwMjYvMDYvMTkvbmF0YW4tNC05NjA2Y24xbi0yMDI2LTA2LTE5LmpwZWc 768w, https:\/\/r.fashionunited.com\/uLiq2s3oka77Rk9qSNLIg4TgtTL7dYHgqe4R_YnfAkc\/resize:fill:3840:0:0\/gravity:ce\/quality:70\/aHR0cHM6Ly9mYXNoaW9udW5pdGVkLmNvbS9pbWcvdXBsb2FkLzIwMjYvMDYvMTkvbmF0YW4tNC05NjA2Y24xbi0yMDI2LTA2LTE5LmpwZWc 3840w\" sizes=\"100vw\" alt=\"Boutique Natan \u00e0 Knokke. Silhouette du d\u00e9fil\u00e9 couture AH26-27\" title=\"Boutique Natan \u00e0 Knokke. Silhouette du d\u00e9fil\u00e9 couture AH26-27\" load-strategy=\"on-visible\" slot=\"content\"\/><\/light-box><noscript><img decoding=\"async\" src=\"https:\/\/r.fashionunited.com\/RIwv453uerV5DjxatiKkvpXSzQtnvCIsgtjOara77iU\/resize:fill:1164:0:0\/gravity:ce\/quality:70\/aHR0cHM6Ly9mYXNoaW9udW5pdGVkLmNvbS9pbWcvdXBsb2FkLzIwMjYvMDYvMTkvbmF0YW4tNC05NjA2Y24xbi0yMDI2LTA2LTE5LmpwZWc\" sizes=\"(min-width: 840px) 550px, (min-width: 582px) 582px, 100vw\" alt=\"Boutique Natan \u00e0 Knokke. Silhouette du d\u00e9fil\u00e9 couture AH26-27\" title=\"Boutique Natan \u00e0 Knokke. Silhouette du d\u00e9fil\u00e9 couture AH26-27\"\/><\/noscript><\/div><figcaption>Natan-boetiek in Knokke. Silhouet van de coutureshow FW26-27 <em>Credits: Julia Garel \/ Natan.<\/em><\/figcaption><\/figure>\n<p><strong>De ontdekking van het merk<\/strong>: Op vakantie in Knokke stapte ze de tweede winkel van het merk binnen (\u2018Edouard by Natan\u2019), geopend in het voorjaar in de Belgische badplaats. Daarna verkende ze de hoeken van de historische boetiek: een soort groot familiehuis, vlakbij de verkooppunten van andere grote luxenamen, waaronder Herm\u00e8s en Louis Vuitton.<\/p>\n<p><strong>De stukken die ze koopt<\/strong>: Ze hanteert een modulaire aanpak door sterke stukken en basics te mixen. Ze voelt zich aangetrokken tot materialen met reli\u00ebf (bijvoorbeeld een jacquardbroek met bladmotieven in reli\u00ebf) die ze combineert met duurzame essentials, zoals het popeline overhemd (een klassieker van het merk) of de transparante tops uit de couturecollectie van winter 2026.<\/p>\n<p><strong>Wat haar trouw zal maken<\/strong>: De coherentie van de positionering. Ze houdt van het idee toegang te hebben tot een product met de afwerkingseisen van couture, terwijl het een begeerlijkheid en leesbaarheid behoudt die perfect verankerd zijn in de stedelijke moderniteit.<\/p>\n<figure>\n<div class=\"image-container\"><light-box><progressive-img placeholder=\"https:\/\/r.fashionunited.com\/bNbMHDngasSWSAMJ7WibawFvXuAzeUvsz5XnwhjDHWU\/resize:fill:42:0:0\/gravity:ce\/quality:10\/aHR0cHM6Ly9mYXNoaW9udW5pdGVkLmNvbS9pbWcvdXBsb2FkLzIwMjYvMDYvMTkvaW1nLTIyMjQtM253ajNnZzYtMjAyNi0wNi0xOS5qcGVn\" src=\"https:\/\/r.fashionunited.com\/y6Jh7sqdmZo7mrurD15r6p_IlH55BlNmNIiJnZ2Egbk\/resize:fill:1164:0:0\/gravity:ce\/quality:70\/aHR0cHM6Ly9mYXNoaW9udW5pdGVkLmNvbS9pbWcvdXBsb2FkLzIwMjYvMDYvMTkvaW1nLTIyMjQtM253ajNnZzYtMjAyNi0wNi0xOS5qcGVn\" srcset=\"https:\/\/r.fashionunited.com\/ncgND-zSiljabMJ7diAfHENwEzB31bG-JtKN8-TPwEI\/resize:fill:582:0:0\/gravity:ce\/quality:70\/aHR0cHM6Ly9mYXNoaW9udW5pdGVkLmNvbS9pbWcvdXBsb2FkLzIwMjYvMDYvMTkvaW1nLTIyMjQtM253ajNnZzYtMjAyNi0wNi0xOS5qcGVn 582w, https:\/\/r.fashionunited.com\/y6Jh7sqdmZo7mrurD15r6p_IlH55BlNmNIiJnZ2Egbk\/resize:fill:1164:0:0\/gravity:ce\/quality:70\/aHR0cHM6Ly9mYXNoaW9udW5pdGVkLmNvbS9pbWcvdXBsb2FkLzIwMjYvMDYvMTkvaW1nLTIyMjQtM253ajNnZzYtMjAyNi0wNi0xOS5qcGVn 1164w\" sizes=\"(min-width: 840px) 550px, (min-width: 582px) 582px, 100vw\" alt=\"La boutique historique de Natan \u00e0 Knokke.\" title=\"La boutique historique de Natan \u00e0 Knokke.\" load-strategy=\"on-visible\" slot=\"anchor\"\/><progressive-img placeholder=\"https:\/\/r.fashionunited.com\/bNbMHDngasSWSAMJ7WibawFvXuAzeUvsz5XnwhjDHWU\/resize:fill:42:0:0\/gravity:ce\/quality:10\/aHR0cHM6Ly9mYXNoaW9udW5pdGVkLmNvbS9pbWcvdXBsb2FkLzIwMjYvMDYvMTkvaW1nLTIyMjQtM253ajNnZzYtMjAyNi0wNi0xOS5qcGVn\" src=\"https:\/\/r.fashionunited.com\/IQRSUC5yfhijqaWwdulIdb1-1TRgQzhJ5qRIpXgfklQ\/resize:fill:3840:0:0\/gravity:ce\/quality:70\/aHR0cHM6Ly9mYXNoaW9udW5pdGVkLmNvbS9pbWcvdXBsb2FkLzIwMjYvMDYvMTkvaW1nLTIyMjQtM253ajNnZzYtMjAyNi0wNi0xOS5qcGVn\" srcset=\"https:\/\/r.fashionunited.com\/g6ZWOoVXle7dtlSLpKnUwpByvBCAt4rtbpjCdTXWFlk\/resize:fill:768:0:0\/gravity:ce\/quality:70\/aHR0cHM6Ly9mYXNoaW9udW5pdGVkLmNvbS9pbWcvdXBsb2FkLzIwMjYvMDYvMTkvaW1nLTIyMjQtM253ajNnZzYtMjAyNi0wNi0xOS5qcGVn 768w, https:\/\/r.fashionunited.com\/IQRSUC5yfhijqaWwdulIdb1-1TRgQzhJ5qRIpXgfklQ\/resize:fill:3840:0:0\/gravity:ce\/quality:70\/aHR0cHM6Ly9mYXNoaW9udW5pdGVkLmNvbS9pbWcvdXBsb2FkLzIwMjYvMDYvMTkvaW1nLTIyMjQtM253ajNnZzYtMjAyNi0wNi0xOS5qcGVn 3840w\" sizes=\"100vw\" alt=\"La boutique historique de Natan \u00e0 Knokke.\" title=\"La boutique historique de Natan \u00e0 Knokke.\" load-strategy=\"on-visible\" slot=\"content\"\/><\/light-box><noscript><img decoding=\"async\" src=\"https:\/\/r.fashionunited.com\/y6Jh7sqdmZo7mrurD15r6p_IlH55BlNmNIiJnZ2Egbk\/resize:fill:1164:0:0\/gravity:ce\/quality:70\/aHR0cHM6Ly9mYXNoaW9udW5pdGVkLmNvbS9pbWcvdXBsb2FkLzIwMjYvMDYvMTkvaW1nLTIyMjQtM253ajNnZzYtMjAyNi0wNi0xOS5qcGVn\" sizes=\"(min-width: 840px) 550px, (min-width: 582px) 582px, 100vw\" alt=\"La boutique historique de Natan \u00e0 Knokke.\" title=\"La boutique historique de Natan \u00e0 Knokke.\"\/><\/noscript><\/div><figcaption>De historische boetiek van Natan in Knokke.  <em>Credits: Julia Garel<\/em><\/figcaption><\/figure>\n<p><em><small>De journaliste, Julia Garel, werd door het huis Natan uitgenodigd in Brussel om de wereld van het merk te ontdekken.<\/small><\/em><\/p>\n<details>\n<summary><i><small>Dit artikel is in het Nederlands vertaald met behulp van een AI-tool. <\/small><\/i><span class=\"dropdown-icon\"\/><\/summary>\n<details-menu role=\"menu\">\n<div class=\"article-promo\">\n<p>FashionUnited gebruikt AI taaltools om het vertalen van (nieuws)artikelen te versnellen en de vertalingen te proeflezen om het eindresultaat te verbeteren. Dit bespaart onze menselijke journalisten tijd die ze kunnen besteden aan onderzoek en het schrijven van eigen artikelen. Artikelen die met behulp van AI zijn vertaald, worden gecontroleerd en geredigeerd door een menselijke bureauredacteur voordat ze online gaan. Als je vragen of opmerkingen hebt over dit proces, stuur dan een e-mail naar info@fashionunited.com.<\/p>\n<\/div>\n<\/details-menu><\/details>\n<\/div>\n","protected":false},"excerpt":{"rendered":"<p>Brussel &#8211; Woensdagavond, in de daktuin op de negenentwintigste verdieping van hotel The Standard in Brussel, besprak een chique menigte de show die ze zojuist hadden bijgewoond. Ruim een maand voor de presentatie aan internationale bezoekers tijdens de Haute Couture Week in Parijs, kreeg het Belgische en Nederlandse publiek de (gebruikelijke) eer om de couturecollectie &hellip;<\/p>\n","protected":false},"author":29,"featured_media":152605,"comment_status":"closed","ping_status":"closed","sticky":false,"template":"","format":"standard","meta":{"footnotes":""},"categories":[151],"tags":[],"class_list":["post-152604","post","type-post","status-publish","format-standard","has-post-thumbnail","hentry","category-mode"],"_links":{"self":[{"href":"https:\/\/irakezen.nl\/du\/wp-json\/wp\/v2\/posts\/152604","targetHints":{"allow":["GET"]}}],"collection":[{"href":"https:\/\/irakezen.nl\/du\/wp-json\/wp\/v2\/posts"}],"about":[{"href":"https:\/\/irakezen.nl\/du\/wp-json\/wp\/v2\/types\/post"}],"author":[{"embeddable":true,"href":"https:\/\/irakezen.nl\/du\/wp-json\/wp\/v2\/users\/29"}],"replies":[{"embeddable":true,"href":"https:\/\/irakezen.nl\/du\/wp-json\/wp\/v2\/comments?post=152604"}],"version-history":[{"count":0,"href":"https:\/\/irakezen.nl\/du\/wp-json\/wp\/v2\/posts\/152604\/revisions"}],"wp:featuredmedia":[{"embeddable":true,"href":"https:\/\/irakezen.nl\/du\/wp-json\/wp\/v2\/media\/152605"}],"wp:attachment":[{"href":"https:\/\/irakezen.nl\/du\/wp-json\/wp\/v2\/media?parent=152604"}],"wp:term":[{"taxonomy":"category","embeddable":true,"href":"https:\/\/irakezen.nl\/du\/wp-json\/wp\/v2\/categories?post=152604"},{"taxonomy":"post_tag","embeddable":true,"href":"https:\/\/irakezen.nl\/du\/wp-json\/wp\/v2\/tags?post=152604"}],"curies":[{"name":"wp","href":"https:\/\/api.w.org\/{rel}","templated":true}]}}