{"id":156703,"date":"2026-07-29T20:53:57","date_gmt":"2026-07-29T20:53:57","guid":{"rendered":"https:\/\/irakezen.nl\/du\/adri-moest-zijn-jannie-na-54-jaar-plots-loslaten-nu-is-hij-mee-met-we-zijn-er-bijna-we-zouden-samen-reizen\/"},"modified":"2026-07-29T20:53:57","modified_gmt":"2026-07-29T20:53:57","slug":"adri-moest-zijn-jannie-na-54-jaar-plots-loslaten-nu-is-hij-mee-met-we-zijn-er-bijna-we-zouden-samen-reizen","status":"publish","type":"post","link":"https:\/\/irakezen.nl\/du\/adri-moest-zijn-jannie-na-54-jaar-plots-loslaten-nu-is-hij-mee-met-we-zijn-er-bijna-we-zouden-samen-reizen\/","title":{"rendered":"Adri moest zijn Jannie na 54 jaar plots loslaten, nu is hij mee met We zijn er Bijna!: \u2018We zouden samen reizen\u2019"},"content":{"rendered":"<p><\/p>\n<p><img decoding=\"async\" src=\"https:\/\/www.metronieuws.nl\/wp-content\/uploads\/2026\/07\/We-zijn-er-Bijna-Marlijn-Weerdenburg-2.jpg\" alt=\"We zijn er Bijna Marlijn Weerdenburg 2\" class=\"type:primaryImage\"><\/p>\n<p>Ze zijn er nog steeds niet, de vakantiegangers op respectabele leeftijd in <em>We zijn er Bijna<\/em>! Dus gaat een sliert campers voor de vijftiende keer op pad, met een nieuw gezicht als presentatrice. <\/p>\n<p>De titel klinkt een beetje als die single <em>Driving Home For Christmas<\/em> van Chris Rea, de man die 39 jaar lang op weg was naar zijn geliefden en nooit aankwam. Ironisch genoeg <a href=\"https:\/\/www.metronieuws.nl\/entertainment\/2025\/12\/chris-rea-overleden-74-jaar-br\/\" id=\"https:\/\/www.metronieuws.nl\/entertainment\/2025\/12\/chris-rea-overleden-74-jaar-br\/\">overleed Rea<\/a> afgelopen december een paar dagen voor kerst. <em>We zijn er Bijna!<\/em> slaat echter vooral op dat kinderliedje natuurlijk, een oorwurm van de bovenste plank.<\/p>\n<p>Vanaf vanavond tuft een flinke rij campers weer door Europa, voor zeven weken <em>We zijn er Bijna!<\/em> De start is in Kroati\u00eb, om via Servi\u00eb en Noord-Macedoni\u00eb Griekenland aan te doen; en dan vooral het schiereiland Peloponnesos, waar <em>Metro<\/em> <a href=\"https:\/\/www.metronieuws.nl\/lifestyle\/reizen\/2023\/10\/reizen-griekenland-tip-peloponnesos-rust-prima-betaalbaar\/\" id=\"https:\/\/www.metronieuws.nl\/lifestyle\/reizen\/2023\/10\/reizen-griekenland-tip-peloponnesos-rust-prima-betaalbaar\/\">zich eerder ook bijzonder goed vermaakte<\/a>. De eindbestemming van de ouderenreis is Albani\u00eb, als ze het halen natuurlijk. Dit programma is allesbehalve als een oorwurm, maar juist heel vertrouwd en prettig.<\/p>\n<div class=\"article__content-image\">\n<figure id=\"777564\" aria-labelledby=\"figcaption_777564\" class=\"wp-caption \"><a href=\"https:\/\/www.metronieuws.nl\/wp-content\/uploads\/2026\/07\/We-zijn-er-Bijna-Marlijn-Weerdenburg.jpg\"><img decoding=\"async\" loading=\"lazy\" src=\"https:\/\/img.metronieuws.nl\/images\/1jb33Has1bLmmbexMHFPWN6TLT0=\/600x0\/filters:quality(80):format(jpeg):background_color(fff)\/https%3A%2F%2Fwww.metronieuws.nl%2Fwp-content%2Fuploads%2F2026%2F07%2FWe-zijn-er-Bijna-Marlijn-Weerdenburg.jpg\" alt=\"We zijn er Bijna Marlijn Weerdenburg\" width=\"600\" height=\"447\" class=\"wp-image-777564\"><\/a><figcaption id=\"figcaption_777564\" class=\"wp-caption-text sourced\"><span class=\"text\">Marlijn Weerdenburg, de nieuwe presentatrice van We zijn er Bijna!<\/span> <span class=\"source\">Foto: MAX<\/span><\/figcaption><\/figure>\n<\/div>\n<h2 class=\"wp-block-heading\" id=\"h-nieuw-gezicht-voor-we-zijn-er-bijna\">Nieuw gezicht voor We zijn er Bijna!<\/h2>\n<p>Marlijn Weerdenburg is de presentatrice die met de reizigers meegaat en is dus het nieuwe gezicht in plaats van de amper weg te denken Martine van Os. En toch is zij w\u00e9l weg te denken. <em>Metro<\/em> zag de eerste aflevering al voor televisierubriek <em><a href=\"https:\/\/www.metronieuws.nl\/tag\/blik-op-de-buis\/\" id=\"https:\/\/www.metronieuws.nl\/tag\/blik-op-de-buis\/\">Blik op de Buis<\/a><\/em> en eerlijk gezegd merk je helemaal niets van de presentatiewissel. Dat is een positief gegeven. Weerdenburg komt over alsof zij nooit anders heeft gedaan. Dat kan komen doordat de actrice\/presentatrice naar eigen zeggen zelf zo vaak gekampeerd heeft, dat voor haar alles vertrouwd is. Maar ook haar omgang met de vakantiegangers gaat op een heel natuurlijke manier; iets wat Martine van Os net zo goed in huis had.<\/p>\n<aside class=\"frame-block\">\n<div class=\"frame-block__container frame-block__container--emoji\">\n<p>\t\t\t\t\t<span class=\"frame-block__emoji\"><img decoding=\"async\" src=\"https:\/\/s.w.org\/images\/core\/emoji\/17.0.2\/72x72\/1f304.png\" alt=\"\ud83c\udf04\" class=\"wp-smiley\" style=\"height: 1em;max-height: 1em\" \/><\/span><\/p>\n<h3 class=\"frame-block__title\">Martine van Os<\/h3>\n<div class=\"frame-block__content\">\n<p>Martine van Os presenteerde <em>We zijn er Bijna!<\/em> sinds 2011. Van een ander programma, <em>Tijd voor MAX<\/em>, is zij n\u00f3g langer een gezicht (2008). Twee jaar geleden gaf Van Os (nu 69 jaar) al eens aan de opnames van haar vakantieprogramma steeds moeilijker en zwaarder te vinden: \u201eIn 2011 was ik een stuk jonger, flexibeler en voelde het allemaal heel nieuw. Toen was ik zelf altijd de jongste\u00a0van\u00a0het gezelschap. Nu eerder een\u00a0van\u00a0de oudsten.&#8221;<\/p>\n<\/div><\/div>\n<\/aside>\n<h2 class=\"wp-block-heading\" id=\"h-heerlijke-zekerheidjes-en-cliches\">(Heerlijke) zekerheidjes en clich\u00e9s<\/h2>\n<p><em>We zijn er Bijna!<\/em> staat garant voor een aantal zekerheidjes (en zo hoort het ook). Het uitroepteken in de titel, veel voedsel als piepers en pindakaas mee van thuis, spelletjes voor in de camper, jeu de boules in groepsverband, de uitjes met een stadsgids en het eeuwige inparkeren van de grote vakantiewagens (\u201estaat weer perfect&#8221;). De nodige clich\u00e9s moeten wat <em>Metro<\/em> betreft verplicht voorbijkomen, zoals \u201escherven brengen geluk&#8221; bij een ramp met openslaande deuren van keukenkastjes. Zo horen we ook honderd keer \u201ewat wil een mens nog meer?&#8221; en nog veel vaker \u201egenieten (van de kleine dingen)&#8221;.<\/p>\n<div class=\"article__content-image\">\n<figure id=\"777565\" aria-labelledby=\"figcaption_777565\" class=\"wp-caption \"><a href=\"https:\/\/www.metronieuws.nl\/wp-content\/uploads\/2026\/07\/We-zijn-er-Bijna-Adri.png\"><img decoding=\"async\" loading=\"lazy\" src=\"https:\/\/img.metronieuws.nl\/images\/sSXqOXFsO5Jad3eTCyClaxXQWJs=\/600x0\/filters:quality(80):format(jpeg):background_color(fff)\/https%3A%2F%2Fwww.metronieuws.nl%2Fwp-content%2Fuploads%2F2026%2F07%2FWe-zijn-er-Bijna-Adri.png\" alt=\"We zijn er Bijna Adri\" width=\"600\" height=\"188\" class=\"wp-image-777565\"><\/a><figcaption id=\"figcaption_777565\" class=\"wp-caption-text sourced\"><span class=\"text\">Adri in We zijn er Bijna!<\/span> <span class=\"source\">Screenshot: MAX \/ We zijn er Bijna!<\/span><\/figcaption><\/figure>\n<\/div>\n<h2 class=\"wp-block-heading\" id=\"h-alleenstaande-adri-geniet-ondanks-het-verlies-van-zijn-jannie\">Alleenstaande Adri geniet ondanks het verlies van zijn Jannie<\/h2>\n<p>Liefst 42 personen reizen met <em>We zijn er Bijna!<\/em> mee; dat lijken me er wat veel om in zeven afleveringen te leren kennen. Het gaat om twintig stellen, twee alleenstaande mannen en een hond. Wie zeker gevolgd wordt is het Vlaamse stel Marc en Marina (\u201ewij zijn M&amp;M, hahaha; maar ook B&amp;B, Belgische Bougondi\u00ebrs, hahahahahahaha!&#8221;). <\/p>\n<p>De twee hebben hun huis verhuurd en rijden al vijf jaar kriskras door Europa in hun nu permanente huis op wielen. \u201eZelfs de kerstspullen liggen ergens onderin de caravan&#8221;, zegt Marina. We wijzen je graag ook op Alkmaarse Kaaskop en veelvuldig kaaseter Ren\u00e9, die niet tegen zijn verlies kan (\u201eik liet mijn kinderen vroeger ook nooit winnen&#8221;).<\/p>\n<p>Veel kijkers zullen echter waardering hebben voor de alleenstaande Adri. De boerenzoon was 54 jaar samen met zijn Jannie en was net een bus aan het verbouwen tot een camperbus om samen mee te reizen, toen het noodlot toesloeg. Jannie maakte vier jaar geleden een val, viel hard op haar hoofd en kwam nooit meer bij. Hun 2-jarige kleindochter zag het gebeuren. Ondanks het vreselijke verhaal is Adri een meestal vrolijke man. Hij klaarde de busklus \u201eals rouwverwerking&#8221; en heeft de groepsreis gekozen om niet alleen te zijn. \u201eMeestal gaat het goed&#8221;, zegt hij over het lange rijden. \u201eSoms is het lastig, alleen zijn is niet leuk.&#8221;<\/p>\n<h2 class=\"wp-block-heading\" id=\"h-verkeerd-rijden-of-niet\">Verkeerd rijden&#8230; of niet?<\/h2>\n<p>Adri&#8217;s instelling staat <em>Metro<\/em> wel aan en past totaal bij <em>We zijn er Bijna!<\/em> \u201eIk rijd nooit verkeerd&#8221;, zegt hij tegen Marlijn Weerdenburg. \u201eSoms rijd ik anders. Op vakantie kun je niet verkeerd rijden.&#8221; <\/p>\n<p>Kijk, zulke quotes willen we horen. Naar verluidt kijken ook heel wat jongeren naar deze <em>slow-tv<\/em>. Goed om uit te brakken misschien, tijdens het terugkijken <a href=\"https:\/\/npo.nl\/start\/serie\/we-zijn-er-bijna\/afleveringen\" id=\"https:\/\/npo.nl\/start\/serie\/we-zijn-er-bijna\/afleveringen\" target=\"_blank\" rel=\"noreferrer noopener nofollow\">via NPO Start<\/a>? Het is in ieder geval televisie om tot rust te komen. En om zeker te weten &#8216;dat je met zo&#8217;n groepsreis langzame gasten nooit mee zult gaan&#8217;. Tot je oud bent en het dan ongetwijfeld toch doet.<\/p>\n<div class=\"article__content-image\">\n<figure id=\"469226\" aria-labelledby=\"figcaption_469226\" class=\"wp-caption \"><a href=\"https:\/\/www.metronieuws.nl\/wp-content\/uploads\/2021\/12\/Blik-Buis-illustratie-1.png\"><img decoding=\"async\" loading=\"lazy\" src=\"https:\/\/img.metronieuws.nl\/images\/3Lv3eN25FOCn35xUKjzSi9LAL4w=\/600x0\/filters:quality(80):format(jpeg):background_color(fff)\/https%3A%2F%2Fwww.metronieuws.nl%2Fwp-content%2Fuploads%2F2021%2F12%2FBlik-Buis-illustratie-1.png\" alt=\"Blik Buis illustratie\" width=\"600\" height=\"109\" class=\"wp-image-469226\"><\/a><figcaption id=\"figcaption_469226\" class=\"wp-caption-text sourced\"><span class=\"text\"><\/span> <span class=\"source\">Illustratie: Metro<\/span><\/figcaption><\/figure>\n<\/div>\n<h3 class=\"wp-block-heading\" id=\"h-aantal-blikken-uit-5-3\">Aantal blikken uit 5: 3<\/h3>\n<p><em>We zijn er Bijna! is vanaf vanavond (dinsdag 28 juli) om 20.35 uur bij MAX te zien op NPO 1.<\/em><\/p>\n<p>Meer lezen over (nieuwe) programma&#8217;s op tv?<\/p>\n<ul class=\"wp-block-list\">\n<li>Trammelant in de vriendengroep <a href=\"https:\/\/www.metronieuws.nl\/geld-carriere\/2026\/07\/trammelant-in-de-vriendengroep-om-een-tikkie-na-een-weekendje-weg\/\" data-type=\"link\" data-id=\"https:\/\/www.metronieuws.nl\/geld-carriere\/2026\/07\/trammelant-in-de-vriendengroep-om-een-tikkie-na-een-weekendje-weg\/\">om een Tikkie na een weekendje weg<\/a>: \u2018Was dat gouden soep of zo?<\/li>\n<li>Prima tv-types in B&amp;B Vol Liefde, maar <a href=\"https:\/\/www.metronieuws.nl\/televisie\/2026\/07\/prima-tv-types-in-bb-vol-liefde-metros-favoriet-is-kunstenaar-fred-67\/\" data-type=\"link\" data-id=\"https:\/\/www.metronieuws.nl\/televisie\/2026\/07\/prima-tv-types-in-bb-vol-liefde-metros-favoriet-is-kunstenaar-fred-67\/\">Metro\u2019s favoriet is kunstenaar Fred (67)<\/a>: \u2018Daar krijg ik geen vreugdeplasje van\u2019<\/li>\n<li>Jeugdzorg wilde Yudhis (18) niet meer: \u2018Mijn ouders kochten een tentje, <a href=\"https:\/\/www.metronieuws.nl\/televisie\/2026\/07\/jeugdzorg-wilde-yudhis-18-niet-meer-ouders-tentje-in-het-bos-slapen\/\" data-type=\"link\" data-id=\"https:\/\/www.metronieuws.nl\/televisie\/2026\/07\/jeugdzorg-wilde-yudhis-18-niet-meer-ouders-tentje-in-het-bos-slapen\/\">zodat ik in het bos kon slapen<\/a>\u2019<\/li>\n<li>Viggo Waas kreeg een <a href=\"https:\/\/www.metronieuws.nl\/lifestyle\/fit-gezond\/2026\/07\/viggo-waas-kreeg-zwaar-herseninfarct-toen-hij-58-was-maar-herstelde-geluk\/\" data-type=\"link\" data-id=\"https:\/\/www.metronieuws.nl\/lifestyle\/fit-gezond\/2026\/07\/viggo-waas-kreeg-zwaar-herseninfarct-toen-hij-58-was-maar-herstelde-geluk\/\">zwaar herseninfarct toen hij 58 was<\/a>, maar herstelde: \u2018Ik begrijp dat ik geluk heb gehad\u2019<\/li>\n<li>Handig: dove vrouw uit de kantine belandt in groot politieonderzoek, <a href=\"https:\/\/www.metronieuws.nl\/televisie\/2026\/07\/dove-actrice-rose-ayling-ellis-maakt-indruk-videoland-serie-code-of-silence-liplezen\/\" data-type=\"link\" data-id=\"https:\/\/www.metronieuws.nl\/televisie\/2026\/07\/dove-actrice-rose-ayling-ellis-maakt-indruk-videoland-serie-code-of-silence-liplezen\/\">haar talent voor liplezen moet alles oplossen<\/a><\/li>\n<\/ul>\n","protected":false},"excerpt":{"rendered":"<p>Ze zijn er nog steeds niet, de vakantiegangers op respectabele leeftijd in We zijn er Bijna! Dus gaat een sliert campers voor de vijftiende keer op pad, met een nieuw gezicht als presentatrice. De titel klinkt een beetje als die single Driving Home For Christmas van Chris Rea, de man die 39 jaar lang op &hellip;<\/p>\n","protected":false},"author":16,"featured_media":156704,"comment_status":"closed","ping_status":"closed","sticky":false,"template":"","format":"standard","meta":{"footnotes":""},"categories":[149],"tags":[],"class_list":["post-156703","post","type-post","status-publish","format-standard","has-post-thumbnail","hentry","category-films-en-series"],"_links":{"self":[{"href":"https:\/\/irakezen.nl\/du\/wp-json\/wp\/v2\/posts\/156703","targetHints":{"allow":["GET"]}}],"collection":[{"href":"https:\/\/irakezen.nl\/du\/wp-json\/wp\/v2\/posts"}],"about":[{"href":"https:\/\/irakezen.nl\/du\/wp-json\/wp\/v2\/types\/post"}],"author":[{"embeddable":true,"href":"https:\/\/irakezen.nl\/du\/wp-json\/wp\/v2\/users\/16"}],"replies":[{"embeddable":true,"href":"https:\/\/irakezen.nl\/du\/wp-json\/wp\/v2\/comments?post=156703"}],"version-history":[{"count":0,"href":"https:\/\/irakezen.nl\/du\/wp-json\/wp\/v2\/posts\/156703\/revisions"}],"wp:featuredmedia":[{"embeddable":true,"href":"https:\/\/irakezen.nl\/du\/wp-json\/wp\/v2\/media\/156704"}],"wp:attachment":[{"href":"https:\/\/irakezen.nl\/du\/wp-json\/wp\/v2\/media?parent=156703"}],"wp:term":[{"taxonomy":"category","embeddable":true,"href":"https:\/\/irakezen.nl\/du\/wp-json\/wp\/v2\/categories?post=156703"},{"taxonomy":"post_tag","embeddable":true,"href":"https:\/\/irakezen.nl\/du\/wp-json\/wp\/v2\/tags?post=156703"}],"curies":[{"name":"wp","href":"https:\/\/api.w.org\/{rel}","templated":true}]}}